{"id":3191,"date":"2018-03-18T14:11:26","date_gmt":"2018-03-18T12:11:26","guid":{"rendered":"http:\/\/erlenbacherkickers.de\/?p=3191"},"modified":"2018-03-24T20:44:16","modified_gmt":"2018-03-24T18:44:16","slug":"nur-positives-bei-ek-generalversammlung","status":"publish","type":"post","link":"https:\/\/erlenbacherkickers.de\/?p=3191","title":{"rendered":"Nur Positives bei EK Generalversammlung"},"content":{"rendered":"<p><span style=\"font-size: large;\">Kurz und knackig lie\u00dfen die Kickers noch einmal das Jahr 2017 vor\u00fcberziehen. Mit Daniel Ziegler wurde auch ein neues aktives Mitglied in den Verein aufgenommen. H\u00f6hepunkt der Generalversammlung war die \u00dcbergabe der neuen Vereinsjacken. <\/span><br \/>\n<!--more--><\/p>\n<p><a href=\"http:\/\/erlenbacherkickers.de\/wp-content\/uploads\/2018\/03\/20180317_201933.jpg\"><img loading=\"lazy\" decoding=\"async\" class=\"aligncenter size-medium wp-image-3198\" src=\"http:\/\/erlenbacherkickers.de\/wp-content\/uploads\/2018\/03\/20180317_201933-300x225.jpg\" alt=\"\" width=\"300\" height=\"225\" srcset=\"https:\/\/erlenbacherkickers.de\/wp-content\/uploads\/2018\/03\/20180317_201933-300x225.jpg 300w, https:\/\/erlenbacherkickers.de\/wp-content\/uploads\/2018\/03\/20180317_201933-768x576.jpg 768w, https:\/\/erlenbacherkickers.de\/wp-content\/uploads\/2018\/03\/20180317_201933-400x300.jpg 400w\" sizes=\"auto, (max-width: 300px) 100vw, 300px\" \/><\/a><\/p>\n<p><a href=\"http:\/\/erlenbacherkickers.de\/wp-content\/uploads\/2018\/03\/20180317_193750.jpg\"><img loading=\"lazy\" decoding=\"async\" class=\"aligncenter size-medium wp-image-3196\" src=\"http:\/\/erlenbacherkickers.de\/wp-content\/uploads\/2018\/03\/20180317_193750-300x186.jpg\" alt=\"\" width=\"300\" height=\"186\" srcset=\"https:\/\/erlenbacherkickers.de\/wp-content\/uploads\/2018\/03\/20180317_193750-300x186.jpg 300w, https:\/\/erlenbacherkickers.de\/wp-content\/uploads\/2018\/03\/20180317_193750-768x477.jpg 768w, https:\/\/erlenbacherkickers.de\/wp-content\/uploads\/2018\/03\/20180317_193750-400x249.jpg 400w\" sizes=\"auto, (max-width: 300px) 100vw, 300px\" \/><\/a><\/p>\n<p><span style=\"font-size: large;\">Neben den bereits feststehenden Terminen wurden folgende weitere Vorschl\u00e4ge aufgenommen:<\/span><\/p>\n<p><span style=\"font-size: large;\">Walter Kling Ged\u00e4chtnisturnier im September<\/span><br \/>\n<span style=\"font-size: large;\">EK Sporttag auf dem TV Gel\u00e4nde inkl. gem\u00fctlichem Beisammensein und Grillen<\/span><br \/>\n<span style=\"font-size: large;\">Schie\u00dfen in Kleinwallstadt oder Klingenberg<\/span><\/p>\n","protected":false},"excerpt":{"rendered":"<p>Kurz und knackig lie\u00dfen die Kickers noch einmal das Jahr 2017 vor\u00fcberziehen. Mit Daniel Ziegler wurde auch ein neues aktives Mitglied in den Verein aufgenommen. H\u00f6hepunkt der Generalversammlung war die \u00dcbergabe der neuen Vereinsjacken.<\/p>\n","protected":false},"author":2,"featured_media":3197,"comment_status":"closed","ping_status":"open","sticky":false,"template":"","format":"standard","meta":{"ngg_post_thumbnail":0,"_jetpack_memberships_contains_paid_content":false,"footnotes":""},"categories":[7],"tags":[],"class_list":["post-3191","post","type-post","status-publish","format-standard","has-post-thumbnail","hentry","category-berichte-kickers"],"jetpack_featured_media_url":"https:\/\/erlenbacherkickers.de\/wp-content\/uploads\/2018\/03\/20180317_193758.jpg","jetpack_sharing_enabled":true,"_links":{"self":[{"href":"https:\/\/erlenbacherkickers.de\/index.php?rest_route=\/wp\/v2\/posts\/3191","targetHints":{"allow":["GET"]}}],"collection":[{"href":"https:\/\/erlenbacherkickers.de\/index.php?rest_route=\/wp\/v2\/posts"}],"about":[{"href":"https:\/\/erlenbacherkickers.de\/index.php?rest_route=\/wp\/v2\/types\/post"}],"author":[{"embeddable":true,"href":"https:\/\/erlenbacherkickers.de\/index.php?rest_route=\/wp\/v2\/users\/2"}],"replies":[{"embeddable":true,"href":"https:\/\/erlenbacherkickers.de\/index.php?rest_route=%2Fwp%2Fv2%2Fcomments&post=3191"}],"version-history":[{"count":7,"href":"https:\/\/erlenbacherkickers.de\/index.php?rest_route=\/wp\/v2\/posts\/3191\/revisions"}],"predecessor-version":[{"id":3224,"href":"https:\/\/erlenbacherkickers.de\/index.php?rest_route=\/wp\/v2\/posts\/3191\/revisions\/3224"}],"wp:featuredmedia":[{"embeddable":true,"href":"https:\/\/erlenbacherkickers.de\/index.php?rest_route=\/wp\/v2\/media\/3197"}],"wp:attachment":[{"href":"https:\/\/erlenbacherkickers.de\/index.php?rest_route=%2Fwp%2Fv2%2Fmedia&parent=3191"}],"wp:term":[{"taxonomy":"category","embeddable":true,"href":"https:\/\/erlenbacherkickers.de\/index.php?rest_route=%2Fwp%2Fv2%2Fcategories&post=3191"},{"taxonomy":"post_tag","embeddable":true,"href":"https:\/\/erlenbacherkickers.de\/index.php?rest_route=%2Fwp%2Fv2%2Ftags&post=3191"}],"curies":[{"name":"wp","href":"https:\/\/api.w.org\/{rel}","templated":true}]}}